{"id":1413,"date":"2025-11-15T15:36:30","date_gmt":"2025-11-15T15:36:30","guid":{"rendered":"https:\/\/pallotyni.ostroleka.pl\/?p=1413"},"modified":"2025-11-15T15:55:41","modified_gmt":"2025-11-15T15:55:41","slug":"xxxiii-niedziela-zwykla-16-11-2025-r","status":"publish","type":"post","link":"https:\/\/pallotyni.ostroleka.pl\/?p=1413","title":{"rendered":"XXXIII Niedziela zwyk\u0142a 16.11.2025 r."},"content":{"rendered":"\n<h2 class=\"wp-block-heading\">komentarz<\/h2>\n\n\n\n<p>(\u0141k 21,5-19)<\/p>\n\n\n\n<p>Gdy niekt\u00f3rzy m\u00f3wili o \u015bwi\u0105tyni, \u017ce jest przyozdobiona pi\u0119knymi kamieniami i darami, Jezus powiedzia\u0142: \u201dPrzyjdzie czas, kiedy z tego, na co patrzycie, nie zostanie kamie\u0144 na kamieniu, kt\u00f3ry by nie by\u0142 zwalony\u201d. Zapytali Go: \u201dNauczycielu, kiedy to nast\u0105pi? I jaki b\u0119dzie znak, gdy si\u0119 to dzia\u0107 zacznie?\u201d. Jezus odpowiedzia\u0142: \u201dStrze\u017ccie si\u0119, \u017ceby was nie zwiedziono. Wielu bowiem przyjdzie pod moim imieniem i b\u0119d\u0105 m\u00f3wi\u0107: &#8222;Ja jestem&#8221; oraz &#8222;nadszed\u0142 czas&#8221;. Nie chod\u017acie za nimi. I nie trw\u00f3\u017ccie si\u0119, gdy pos\u0142yszycie o wojnach i przewrotach. To najpierw musi si\u0119 sta\u0107, ale nie zaraz nast\u0105pi koniec\u201d. Wtedy m\u00f3wi\u0142 do nich: \u201dPowstanie nar\u00f3d przeciw narodowi i kr\u00f3lestwo przeciw kr\u00f3lestwu. B\u0119d\u0105 silne trz\u0119sienia ziemi, a miejscami g\u0142\u00f3d i zaraza; uka\u017c\u0105 si\u0119 straszne zjawiska i wielkie znaki na niebie. Lecz przed tym wszystkim podnios\u0105 na was r\u0119ce i b\u0119d\u0105 was prze\u015bladowa\u0107. Wydadz\u0105 was do synagog i do wi\u0119zie\u0144 oraz z powodu mojego imienia wlec was b\u0119d\u0105 do kr\u00f3l\u00f3w i namiestnik\u00f3w. B\u0119dzie to dla was sposobno\u015b\u0107 do sk\u0142adania \u015bwiadectwa. Postan\u00f3wcie sobie w sercu nie obmy\u015bla\u0107 naprz\u00f3d swej obrony. Ja bowiem dam wam wymow\u0119 i m\u0105dro\u015b\u0107, kt\u00f3rej \u017caden z waszych prze\u015bladowc\u00f3w nie b\u0119dzie si\u0119 m\u00f3g\u0142 oprze\u0107 ani si\u0119 sprzeciwi\u0107. A wydawa\u0107 was b\u0119d\u0105 nawet rodzice i bracia, krewni i przyjaciele i niekt\u00f3rych z was o \u015bmier\u0107 przyprawi\u0105. I z powodu mojego imienia b\u0119dziecie w nienawi\u015bci u wszystkich. Ale w\u0142os z g\u0142owy wam nie zginie. Przez swoj\u0105 wytrwa\u0142o\u015b\u0107 ocalicie wasze \u017cycie\u201d.<\/p>\n\n\n\n<p><strong>Oto s\u0142owo Pa\u0144skie<\/strong><\/p>\n\n\n\n<p>Liturgia przygotowuje nas do powt\u00f3rnego przyj\u015bcia Chrystusa na ko\u0144cu czas\u00f3w \u2013 do paruzji. Wojny i przewroty to chleb powszedni (niestety) naszych czas\u00f3w. Trz\u0119sienia ziemi, g\u0142\u00f3d i epidemie wcale nie brzmi\u0105 egzotycznie czy odlegle. Uczni\u00f3w Chrystusa wci\u0105\u017c zabija si\u0119 systemowo w Korei P\u00f3\u0142nocnej, w Egipcie, na Bliskim Wschodzie tylko dlatego, \u017ce wyznaj\u0105 wiar\u0119 w swojego Mistrza. Nale\u017cy r\u00f3wnie\u017c zwr\u00f3ci\u0107 uwag\u0119 na to, \u017ce rewolucja kulturowa nowego marksizmu prowadzi sw\u00f3j marsz przez instytucje i pragnie zniszczy\u0107 wszystko, co katolickie. \u017byjemy w czasach ostatecznych. Mo\u017ce si\u0119 okaza\u0107, \u017ce nawet w rodzinach powstanie roz\u0142am z powodu Chrystusa. Co ma robi\u0107 ucze\u0144 Jezusa? Trwa\u0107 przy Jego nauce.<\/p>\n\n\n\n<p>bblacha450<\/p>\n\n\n\n<h2 class=\"wp-block-heading\">og\u0142oszenia<\/h2>\n\n\n\n<ol class=\"wp-block-list\">\n<li>W tym tygodniu przypadaj\u0105 nast\u0119puj\u0105ce wspomnienia liturgiczne: w poniedzia\u0142ek: \u015bw. El\u017cbiety W\u0119gierskiej \u2013 zakonnicy; we wtorek: b\u0142. Karoliny K\u00f3zk\u00f3wny \u2013 dziewicy i m\u0119czennicy;<br>w czwartek: \u015bw. Rafa\u0142a Kalinowskiego \u2013 prezbitera; w pi\u0105tek: Ofiarowanie Naj\u015bwi\u0119tszej Maryi Panny; w sobot\u0119: \u015bw. Cecylii \u2013 dziewicy i m\u0119czennicy.<\/li>\n<\/ol>\n\n\n\n<ol start=\"2\" class=\"wp-block-list\">\n<li>Trwa modlitwa za naszych zmar\u0142ych poleconych w wypominkach listopadowych. Zapraszamy na codzienny r\u00f3\u017caniec o 17.30. Zach\u0119camy do wypisywania wypominkowych kartek.<\/li>\n<\/ol>\n\n\n\n<ol start=\"3\" class=\"wp-block-list\">\n<li>We wtorek 18 listopada o 14.30 odb\u0119dzie si\u0119 w naszym ko\u015bciele spotkanie z okazji Narodowego \u015awi\u0119ta Niepodleg\u0142o\u015bci. Podczas uroczysto\u015bci nagrod\u0119 \u201eNarodowi i Ojczy\u017anie\u201d otrzyma Witold Kuczy\u0144ski \u2013 nauczyciel, \u015bpiewak, poeta, instrumentalista, dzia\u0142acz spo\u0142eczny, piewca kultury<br>i tradycji kurpiowskich, kierownik Zespo\u0142u Folklorystycznego \u201eCarniacy\u201d. Organizatorem jest Zesp\u00f3\u0142 Szk\u00f3\u0142 SIGIE im. Karola Adamieckiego.<\/li>\n<\/ol>\n\n\n\n<ol start=\"4\" class=\"wp-block-list\">\n<li>W sobot\u0119 22 listopada, po Mszy wieczornej o 18.00, odb\u0119dzie si\u0119 u nas w ko\u015bciele spotkanie nowej grupy kandydat\u00f3w do sakramentu dojrza\u0142o\u015bci.<\/li>\n<\/ol>\n\n\n\n<ol start=\"5\" class=\"wp-block-list\">\n<li>W przysz\u0142\u0105 niedziel\u0119 \u2013 23 listopada \u2013 Uroczysto\u015bci\u0105 Chrystusa Kr\u00f3la zako\u0144czymy rok liturgiczny. Tydzie\u0144 p\u00f3\u017aniej rozpoczniemy ju\u017c Adwent.<\/li>\n<\/ol>\n\n\n\n<ol start=\"6\" class=\"wp-block-list\">\n<li>Po Mszach osoby, kt\u00f3re zapisa\u0142y si\u0119 na prenumerat\u0119 tygodnika katolickiego \u201eIdziemy\u201d, mog\u0105 odebra\u0107 sw\u00f3j egzemplarz w zakrystii.<\/li>\n<\/ol>\n\n\n\n<p><strong>Oby\u015bmy nigdy nie zapomnieli o czasach ostatecznych i trwaj\u0105c wiernie przy Jezusie nie dali si\u0119 zwie\u015b\u0107 na manowce bezbo\u017cnictwa oraz niewiary!<\/strong><\/p>\n","protected":false},"excerpt":{"rendered":"<p>komentarz (\u0141k 21,5-19) Gdy niekt\u00f3rzy m\u00f3wili o \u015bwi\u0105tyni, \u017ce jest przyozdobiona pi\u0119knymi kamieniami i darami, Jezus powiedzia\u0142: \u201dPrzyjdzie czas, kiedy z tego, na co patrzycie, nie zostanie kamie\u0144 [&hellip;]<\/p>\n","protected":false},"author":2,"featured_media":0,"comment_status":"open","ping_status":"closed","sticky":false,"template":"","format":"standard","meta":{"_jetpack_memberships_contains_paid_content":false,"footnotes":""},"categories":[1],"tags":[],"class_list":["post-1413","post","type-post","status-publish","format-standard","hentry","category-ogloszenia-parafialne"],"jetpack_featured_media_url":"","jetpack_sharing_enabled":true,"_links":{"self":[{"href":"https:\/\/pallotyni.ostroleka.pl\/index.php?rest_route=\/wp\/v2\/posts\/1413","targetHints":{"allow":["GET"]}}],"collection":[{"href":"https:\/\/pallotyni.ostroleka.pl\/index.php?rest_route=\/wp\/v2\/posts"}],"about":[{"href":"https:\/\/pallotyni.ostroleka.pl\/index.php?rest_route=\/wp\/v2\/types\/post"}],"author":[{"embeddable":true,"href":"https:\/\/pallotyni.ostroleka.pl\/index.php?rest_route=\/wp\/v2\/users\/2"}],"replies":[{"embeddable":true,"href":"https:\/\/pallotyni.ostroleka.pl\/index.php?rest_route=%2Fwp%2Fv2%2Fcomments&post=1413"}],"version-history":[{"count":2,"href":"https:\/\/pallotyni.ostroleka.pl\/index.php?rest_route=\/wp\/v2\/posts\/1413\/revisions"}],"predecessor-version":[{"id":1419,"href":"https:\/\/pallotyni.ostroleka.pl\/index.php?rest_route=\/wp\/v2\/posts\/1413\/revisions\/1419"}],"wp:attachment":[{"href":"https:\/\/pallotyni.ostroleka.pl\/index.php?rest_route=%2Fwp%2Fv2%2Fmedia&parent=1413"}],"wp:term":[{"taxonomy":"category","embeddable":true,"href":"https:\/\/pallotyni.ostroleka.pl\/index.php?rest_route=%2Fwp%2Fv2%2Fcategories&post=1413"},{"taxonomy":"post_tag","embeddable":true,"href":"https:\/\/pallotyni.ostroleka.pl\/index.php?rest_route=%2Fwp%2Fv2%2Ftags&post=1413"}],"curies":[{"name":"wp","href":"https:\/\/api.w.org\/{rel}","templated":true}]}}