{"id":1420,"date":"2025-11-22T12:38:17","date_gmt":"2025-11-22T12:38:17","guid":{"rendered":"https:\/\/pallotyni.ostroleka.pl\/?p=1420"},"modified":"2025-11-22T12:38:17","modified_gmt":"2025-11-22T12:38:17","slug":"niedziela-chrystusa-krola-23-listopada-2025-r","status":"publish","type":"post","link":"https:\/\/pallotyni.ostroleka.pl\/?p=1420","title":{"rendered":"Niedziela Chrystusa Kr\u00f3la \u2013 23 listopada 2025 r."},"content":{"rendered":"\n<h2 class=\"wp-block-heading\">komentarz<\/h2>\n\n\n\n<p>(\u0141k 23,35-43)<\/p>\n\n\n\n<p>Gdy ukrzy\u017cowano Jezusa, lud sta\u0142 i patrzy\u0142. Lecz cz\u0142onkowie Wysokiej Rady drwi\u0105co m\u00f3wili: \u201dInnych wybawia\u0142, niech\u017ce teraz siebie wybawi, je\u015bli On jest Mesjaszem, Wybra\u0144cem Bo\u017cym\u201d. Szydzili z Niego i \u017co\u0142nierze; podchodzili do Niego i podawali Mu ocet, m\u00f3wi\u0105c: \u201dJe\u015bli Ty jeste\u015b kr\u00f3lem \u017cydowskim, wybaw sam siebie\u201d. By\u0142 tak\u017ce nad Nim napis w j\u0119zyku greckim, \u0142aci\u0144skim i hebrajskim: \u201dTo jest kr\u00f3l \u017cydowski\u201d. Jeden ze z\u0142oczy\u0144c\u00f3w, kt\u00f3rych tam powieszono, ur\u0105ga\u0142 Mu: \u201dCzy Ty nie jeste\u015b Mesjaszem? Wybaw wi\u0119c siebie i nas\u201d. Lecz drugi, karc\u0105c go, rzek\u0142: \u201dTy nawet Boga si\u0119 nie boisz, chocia\u017c t\u0119 sam\u0105 kar\u0119 ponosisz? My przecie\u017c sprawiedliwie, odbieramy bowiem s\u0142uszn\u0105 kar\u0119 za nasze uczynki, ale On nic z\u0142ego nie uczyni\u0142\u201d. I doda\u0142: \u201dJezu, wspomnij na mnie, gdy przyjdziesz do swego kr\u00f3lestwa\u201d. Jezus mu odpowiedzia\u0142: \u201dZaprawd\u0119 powiadam ci: Dzi\u015b ze Mn\u0105 b\u0119dziesz w raju\u201d.<\/p>\n\n\n\n<p><strong>Oto s\u0142owo Pa\u0144skie<\/strong><\/p>\n\n\n\n<p>Dobry \u0141otr (umy\u015blnie napisano obydwa s\u0142owa z wielkiej litery) musia\u0142 wcze\u015bniej s\u0142ysze\u0107 o Jezusie, bo rozpoznaje Jego niewinno\u015b\u0107. Dokonuje w\u0142a\u015bciwego por\u00f3wnania, bo por\u00f3wnuje si\u0119 z Nim. Warto zauwa\u017cy\u0107 \u0142otrowe wyznanie wiary w Chrystusa Mesjasza. Odpowied\u017a Mistrza jest ukazaniem prawdziwej w\u0142adzy kr\u00f3lewskiej \u2013 arbitralnie decyduje o natychmiastowym zbawieniu prosz\u0105cego. Jezus ma w\u0142adz\u0119 zbawi\u0107 mnie w jednej chwili, dzisiaj. On ma w\u0142adz\u0119 nad moim \u017cyciem tu na ziemi i po drugiej stronie \u017cycia. Rzeczywi\u015bcie, jest Kr\u00f3lem wszech\u015bwiata materialnego i duchowego.<\/p>\n\n\n\n<p>bblacha450<\/p>\n\n\n\n<h2 class=\"wp-block-heading\">og\u0142oszenia<\/h2>\n\n\n\n<ol class=\"wp-block-list\">\n<li>W tym tygodniu przypada nast\u0119puj\u0105ce wspomnienie liturgiczne: w poniedzia\u0142ek: \u015bw. m\u0119czennik\u00f3w \u2013 Andrzeja Dung Lac \u2013 prezbitera i Towarzyszy.<\/li>\n<\/ol>\n\n\n\n<ol start=\"2\" class=\"wp-block-list\">\n<li>Dzisiaj \u2013 23 listopada \u2013 prze\u017cywamy Uroczysto\u015b\u0107 Chrystusa Kr\u00f3la, kt\u00f3r\u0105 ko\u0144czymy rok liturgiczny. Za tydzie\u0144 rozpoczniemy ju\u017c Adwent \u2013 czas radosnego oczekiwania na narodzenie Jezusa.<\/li>\n<\/ol>\n\n\n\n<ol start=\"3\" class=\"wp-block-list\">\n<li>To ju\u017c ostatni tydzie\u0144 modlitwy za naszych zmar\u0142ych poleconych w wypominkach listopadowych. Zapraszamy na codzienny r\u00f3\u017caniec o 17.30.<\/li>\n<\/ol>\n\n\n\n<ol start=\"4\" class=\"wp-block-list\">\n<li>Po Mszach osoby, kt\u00f3re zapisa\u0142y si\u0119 na prenumerat\u0119 tygodnika katolickiego \u201eIdziemy\u201d, mog\u0105 odebra\u0107 sw\u00f3j egzemplarz w zakrystii.<\/li>\n<\/ol>\n\n\n\n<ol start=\"5\" class=\"wp-block-list\">\n<li>W ostatnim czasie do wieczno\u015bci przeszli nasi nast\u0119puj\u0105cy parafianie: \u015bp. Witold Jarka, Wies\u0142aw Jarka, Regina Teres Kruczyk, Waldemar Lewandowski, Bogus\u0142awa Anna Kulas, Teresa Wies\u0142awa Olech, Alina Ku\u015bmierczyk, Ryszard Anzulewicz i Leszek Marczak. M\u00f3dlmy si\u0119 za nich: Wieczny odpoczynek racz mu da\u0107 Panie\u2026<\/li>\n<\/ol>\n\n\n\n<p><strong>Niech Jezus niepodzielnie kr\u00f3luje w naszych sercach, umys\u0142ach, w naszej codzienno\u015bci<br>i nieustannie b\u0142ogos\u0142awi\u0105c prowadzi nas do nieba!<\/strong><\/p>\n\n\n\n<p><em><strong>Duszpasterze<\/strong><\/em><\/p>\n\n\n\n<p><em>Par. rzym.-kat. p.w. \u015aw. Wojciecha B.M., Al. W.P. 44, 07-401 Ostro\u0142\u0119ka<\/em><\/p>\n\n\n\n<p><em><strong>PKO BP<\/strong><\/em><em>, nr: <\/em><em><strong>74 1240 1691 1111 0010 8502 4374<\/strong><\/em><em>.<\/em><\/p>\n\n\n\n<p><em>Za wszystkie datki i ka\u017cde wsparcie sk\u0142adamy serdeczne B\u00f3g zap\u0142a\u0107.<\/em><\/p>\n","protected":false},"excerpt":{"rendered":"<p>komentarz (\u0141k 23,35-43) Gdy ukrzy\u017cowano Jezusa, lud sta\u0142 i patrzy\u0142. Lecz cz\u0142onkowie Wysokiej Rady drwi\u0105co m\u00f3wili: \u201dInnych wybawia\u0142, niech\u017ce teraz siebie wybawi, je\u015bli On jest Mesjaszem, Wybra\u0144cem Bo\u017cym\u201d. [&hellip;]<\/p>\n","protected":false},"author":2,"featured_media":0,"comment_status":"open","ping_status":"closed","sticky":false,"template":"","format":"standard","meta":{"_jetpack_memberships_contains_paid_content":false,"footnotes":""},"categories":[1],"tags":[],"class_list":["post-1420","post","type-post","status-publish","format-standard","hentry","category-ogloszenia-parafialne"],"jetpack_featured_media_url":"","jetpack_sharing_enabled":true,"_links":{"self":[{"href":"https:\/\/pallotyni.ostroleka.pl\/index.php?rest_route=\/wp\/v2\/posts\/1420","targetHints":{"allow":["GET"]}}],"collection":[{"href":"https:\/\/pallotyni.ostroleka.pl\/index.php?rest_route=\/wp\/v2\/posts"}],"about":[{"href":"https:\/\/pallotyni.ostroleka.pl\/index.php?rest_route=\/wp\/v2\/types\/post"}],"author":[{"embeddable":true,"href":"https:\/\/pallotyni.ostroleka.pl\/index.php?rest_route=\/wp\/v2\/users\/2"}],"replies":[{"embeddable":true,"href":"https:\/\/pallotyni.ostroleka.pl\/index.php?rest_route=%2Fwp%2Fv2%2Fcomments&post=1420"}],"version-history":[{"count":1,"href":"https:\/\/pallotyni.ostroleka.pl\/index.php?rest_route=\/wp\/v2\/posts\/1420\/revisions"}],"predecessor-version":[{"id":1421,"href":"https:\/\/pallotyni.ostroleka.pl\/index.php?rest_route=\/wp\/v2\/posts\/1420\/revisions\/1421"}],"wp:attachment":[{"href":"https:\/\/pallotyni.ostroleka.pl\/index.php?rest_route=%2Fwp%2Fv2%2Fmedia&parent=1420"}],"wp:term":[{"taxonomy":"category","embeddable":true,"href":"https:\/\/pallotyni.ostroleka.pl\/index.php?rest_route=%2Fwp%2Fv2%2Fcategories&post=1420"},{"taxonomy":"post_tag","embeddable":true,"href":"https:\/\/pallotyni.ostroleka.pl\/index.php?rest_route=%2Fwp%2Fv2%2Ftags&post=1420"}],"curies":[{"name":"wp","href":"https:\/\/api.w.org\/{rel}","templated":true}]}}