{"id":1424,"date":"2025-11-22T12:42:25","date_gmt":"2025-11-22T12:42:25","guid":{"rendered":"https:\/\/pallotyni.ostroleka.pl\/?p=1424"},"modified":"2025-11-22T12:42:25","modified_gmt":"2025-11-22T12:42:25","slug":"intencje-23-11-29-11-2025-r","status":"publish","type":"post","link":"https:\/\/pallotyni.ostroleka.pl\/?p=1424","title":{"rendered":"Intencje 23.11 \u2013 29.11.2025 r."},"content":{"rendered":"\n<p><strong>NIEDZIELA \u2013 23.11.2025<\/strong><\/p>\n\n\n\n<figure class=\"wp-block-table\"><table class=\"has-fixed-layout\"><tbody><tr><td><strong>7.00<\/strong><\/td><td>+ Adrian Borkowski<\/td><\/tr><tr><td><strong>9.00<\/strong><\/td><td>1) + Jadwiga Kaczmarczyk (23 greg.) 2) + Ryszard Zembrzucki (23 greg.)<\/td><\/tr><tr><td><strong>11.30<\/strong><\/td><td>+ Stanis\u0142aw Kotowski i zm. z rodz. Cie\u015blickich<\/td><\/tr><tr><td><em><strong>12.30 ZP<\/strong><\/em><\/td><td>Za parafian<\/td><\/tr><tr><td><strong>18.00<\/strong><\/td><td>+ Konstanty Ja\u015bkiewicz \u2013 30 rocz. \u015bm. i zm. z rodz.<br>Cie\u015blickich<\/td><\/tr><\/tbody><\/table><\/figure>\n\n\n\n<p><strong>PONIEDZIA\u0141EK \u2013 24.11.2025<\/strong><\/p>\n\n\n\n<figure class=\"wp-block-table\"><table class=\"has-fixed-layout\"><tbody><tr><td><strong>7.00<\/strong><\/td><td>1) + Jadwiga Kaczmarczyk (24 greg.) 2) + Ryszard Zembrzucki (24 greg.)<\/td><\/tr><tr><td><strong>18.00<\/strong><\/td><td>+ W\u0142adys\u0142aw Nadrowski<\/td><\/tr><\/tbody><\/table><\/figure>\n\n\n\n<p><strong>WTOREK \u2013 25.18.2025<\/strong><\/p>\n\n\n\n<figure class=\"wp-block-table\"><table class=\"has-fixed-layout\"><tbody><tr><td><strong>7.00<\/strong><\/td><td>1) + Jadwiga Kaczmarczyk (25 greg.) 2) + Ryszard Zembrzucki (25 greg.)<\/td><\/tr><tr><td><strong>18.00<\/strong><\/td><td>O Bo\u017ce b\u0142og i potrzebne \u0142aski dla Stanis\u0142awy B\u0105czek<\/td><\/tr><\/tbody><\/table><\/figure>\n\n\n\n<p><strong>\u015aRODA \u2013 26.11.2025<\/strong><\/p>\n\n\n\n<figure class=\"wp-block-table\"><table class=\"has-fixed-layout\"><tbody><tr><td><strong>7.00<\/strong><\/td><td>1) + Jadwiga Kaczmarczyk (26 greg.) 2) + Ryszard Zembrzucki (26 greg.)<\/td><\/tr><tr><td><strong>18.00<\/strong><\/td><td>+ J\u00f3zef Za\u0142\u0119ski<\/td><\/tr><\/tbody><\/table><\/figure>\n\n\n\n<p><a><\/a> <strong>CZWARTEK \u2013 27.11.2025<\/strong><\/p>\n\n\n\n<figure class=\"wp-block-table\"><table class=\"has-fixed-layout\"><tbody><tr><td><strong>7.00<\/strong><\/td><td>1) + Jadwiga Kaczmarczyk (27 greg.) 2) + Ryszard Zembrzucki (27 greg.)<\/td><\/tr><tr><td><strong>18.00<\/strong><\/td><td>+ Teresa Kryczek \u2013 od rodz. Fruba<\/td><\/tr><\/tbody><\/table><\/figure>\n\n\n\n<p><strong>PI\u0104TEK \u2013 28.11.2025<\/strong><\/p>\n\n\n\n<figure class=\"wp-block-table\"><table class=\"has-fixed-layout\"><tbody><tr><td><strong>7.00<\/strong><\/td><td>1) + Jadwiga Kaczmarczyk (28 greg.) 2) + Ryszard Zembrzucki (28 greg.)<\/td><\/tr><tr><td><strong>18.00<\/strong><\/td><td>+ Teresa Kryczek \u2013 od rodz. Piersa<\/td><\/tr><\/tbody><\/table><\/figure>\n\n\n\n<p><strong>SOBOTA \u2013 29.11.2025<\/strong><\/p>\n\n\n\n<figure class=\"wp-block-table\"><table class=\"has-fixed-layout\"><tbody><tr><td><strong>7.00<\/strong><\/td><td>1) + Jadwiga Kaczmarczyk (29 greg.) 2) + Ryszard Zembrzucki (29 greg.)<\/td><\/tr><tr><td><strong>18.00<\/strong><\/td><td>O Bo\u017ce b\u0142og., potrzebne \u0142aski dla Bogu wiadomych os\u00f3b<\/td><\/tr><\/tbody><\/table><\/figure>\n","protected":false},"excerpt":{"rendered":"<p>NIEDZIELA \u2013 23.11.2025 7.00 + Adrian Borkowski 9.00 1) + Jadwiga Kaczmarczyk (23 greg.) 2) + Ryszard Zembrzucki (23 greg.) 11.30 + Stanis\u0142aw Kotowski i zm. z rodz. [&hellip;]<\/p>\n","protected":false},"author":2,"featured_media":0,"comment_status":"open","ping_status":"closed","sticky":false,"template":"","format":"standard","meta":{"_jetpack_memberships_contains_paid_content":false,"footnotes":""},"categories":[6],"tags":[],"class_list":["post-1424","post","type-post","status-publish","format-standard","hentry","category-intencje"],"jetpack_featured_media_url":"","jetpack_sharing_enabled":true,"_links":{"self":[{"href":"https:\/\/pallotyni.ostroleka.pl\/index.php?rest_route=\/wp\/v2\/posts\/1424","targetHints":{"allow":["GET"]}}],"collection":[{"href":"https:\/\/pallotyni.ostroleka.pl\/index.php?rest_route=\/wp\/v2\/posts"}],"about":[{"href":"https:\/\/pallotyni.ostroleka.pl\/index.php?rest_route=\/wp\/v2\/types\/post"}],"author":[{"embeddable":true,"href":"https:\/\/pallotyni.ostroleka.pl\/index.php?rest_route=\/wp\/v2\/users\/2"}],"replies":[{"embeddable":true,"href":"https:\/\/pallotyni.ostroleka.pl\/index.php?rest_route=%2Fwp%2Fv2%2Fcomments&post=1424"}],"version-history":[{"count":1,"href":"https:\/\/pallotyni.ostroleka.pl\/index.php?rest_route=\/wp\/v2\/posts\/1424\/revisions"}],"predecessor-version":[{"id":1425,"href":"https:\/\/pallotyni.ostroleka.pl\/index.php?rest_route=\/wp\/v2\/posts\/1424\/revisions\/1425"}],"wp:attachment":[{"href":"https:\/\/pallotyni.ostroleka.pl\/index.php?rest_route=%2Fwp%2Fv2%2Fmedia&parent=1424"}],"wp:term":[{"taxonomy":"category","embeddable":true,"href":"https:\/\/pallotyni.ostroleka.pl\/index.php?rest_route=%2Fwp%2Fv2%2Fcategories&post=1424"},{"taxonomy":"post_tag","embeddable":true,"href":"https:\/\/pallotyni.ostroleka.pl\/index.php?rest_route=%2Fwp%2Fv2%2Ftags&post=1424"}],"curies":[{"name":"wp","href":"https:\/\/api.w.org\/{rel}","templated":true}]}}