{"id":1430,"date":"2025-11-29T16:27:37","date_gmt":"2025-11-29T16:27:37","guid":{"rendered":"https:\/\/pallotyni.ostroleka.pl\/?p=1430"},"modified":"2025-11-29T16:27:37","modified_gmt":"2025-11-29T16:27:37","slug":"intencje-30-11-06-12-2025-r","status":"publish","type":"post","link":"https:\/\/pallotyni.ostroleka.pl\/?p=1430","title":{"rendered":"Intencje 30.11 \u2013 06.12.2025 r."},"content":{"rendered":"\n<p><strong>NIEDZIELA \u2013 30.11.2025<\/strong><\/p>\n\n\n\n<figure class=\"wp-block-table\"><table class=\"has-fixed-layout\"><tbody><tr><td><strong>7.00<\/strong><\/td><td>+ Ryszard Sobotka i zm. z rodz. Sobotk\u00f3w<\/td><\/tr><tr><td><strong>9.00<\/strong><\/td><td>1) + Andrzej Kurpi\u0144ski \u2013 2 rocz. \u015bm. 2) + Jadwiga Kaczmarczyk (30 greg.)<\/td><\/tr><tr><td><strong>11.30<\/strong><\/td><td>+ Teresa \u2013 1 rocz. \u015bm.<\/td><\/tr><tr><td><em><strong>12.30 ZP<\/strong><\/em><\/td><td>Za parafian<\/td><\/tr><tr><td><strong>18.00<\/strong><\/td><td>+ Ryszard Zembrzucki (30 greg.)<\/td><\/tr><\/tbody><\/table><\/figure>\n\n\n\n<p><strong>PONIEDZIA\u0141EK \u2013 01.12.2025<\/strong><\/p>\n\n\n\n<figure class=\"wp-block-table\"><table class=\"has-fixed-layout\"><tbody><tr><td><strong>7.00<\/strong><\/td><td>1) + Maria Fruba (1 greg.) 2) + Gra\u017cyna Gorczy\u0144ska (1 greg.)<\/td><\/tr><tr><td><strong>18.00<\/strong><\/td><td>+ Andrzej Kurpi\u0144ski<\/td><\/tr><\/tbody><\/table><\/figure>\n\n\n\n<p><strong>WTOREK \u2013 02.12.2025<\/strong><\/p>\n\n\n\n<figure class=\"wp-block-table\"><table class=\"has-fixed-layout\"><tbody><tr><td><strong>7.00<\/strong><\/td><td>1) + Maria Fruba (2 greg.) 2) + Gra\u017cyna Gorczy\u0144ska (2 greg.)<\/td><\/tr><tr><td><strong>18.00<\/strong><\/td><td>+ Irena Budna<\/td><\/tr><\/tbody><\/table><\/figure>\n\n\n\n<p><strong>\u015aRODA \u2013 03.12.2025<\/strong><\/p>\n\n\n\n<figure class=\"wp-block-table\"><table class=\"has-fixed-layout\"><tbody><tr><td><strong>7.00<\/strong><\/td><td>1) + Maria Fruba (3 greg.) 2) + Gra\u017cyna Gorczy\u0144ska (3 greg.)<\/td><\/tr><tr><td><strong>18.00<\/strong><\/td><td>O Bo\u017ce b\u0142og., opiek\u0119 Maryi i zdrowie dla El\u017cbiety Hanny z ok 70 rocz. urodzin<\/td><\/tr><\/tbody><\/table><\/figure>\n\n\n\n<p><a><\/a> <strong>CZWARTEK \u2013 04.12.2025<\/strong><\/p>\n\n\n\n<figure class=\"wp-block-table\"><table class=\"has-fixed-layout\"><tbody><tr><td><strong>7.00<\/strong><\/td><td>1) + Alina Ku\u015bmierczyk \u2013 od uczest. pogrzebu 2) + Maria Fruba (4 greg.) 3) + Gra\u017cyna Gorczy\u0144ska (4 greg.)<\/td><\/tr><tr><td><strong>18.00<\/strong><\/td><td>+ Za wszyst. w czy\u015b\u0107cu cierpi\u0105cych<\/td><\/tr><\/tbody><\/table><\/figure>\n\n\n\n<p><strong>PI\u0104TEK \u2013 05.12.2025<\/strong><\/p>\n\n\n\n<figure class=\"wp-block-table\"><table class=\"has-fixed-layout\"><tbody><tr><td><strong>7.00<\/strong><\/td><td>1) + Maria Fruba (5 greg.) 2) + Gra\u017cyna Gorczy\u0144ska (5 greg.)<\/td><\/tr><tr><td><strong>18.00<\/strong><\/td><td>+ Janina i Zdzis\u0142aw Knapowie<\/td><\/tr><\/tbody><\/table><\/figure>\n\n\n\n<p><strong>SOBOTA \u2013 06.12.2025<\/strong><\/p>\n\n\n\n<figure class=\"wp-block-table\"><table class=\"has-fixed-layout\"><tbody><tr><td><strong>7.00<\/strong><\/td><td>1) + Bogus\u0142awa Kulas \u2013 od Ireny i Zenona<br>Parzych\u00f3w 2) + Maria Fruba (6 greg.) 3) + Gra\u017cyna Gorczy\u0144ska (6 greg.)<\/td><\/tr><tr><td><strong>18.00<\/strong><\/td><td>1) Za dzieci i rodzic\u00f3w R\u00f3\u017c R\u00f3\u017ca\u0144cowych 2) O przemian\u0119 i powr\u00f3t do Boga wszystkich<br>ofiarowanych w ksi\u0119dze nawr\u00f3cenia<\/td><\/tr><\/tbody><\/table><\/figure>\n","protected":false},"excerpt":{"rendered":"<p>NIEDZIELA \u2013 30.11.2025 7.00 + Ryszard Sobotka i zm. z rodz. Sobotk\u00f3w 9.00 1) + Andrzej Kurpi\u0144ski \u2013 2 rocz. \u015bm. 2) + Jadwiga Kaczmarczyk (30 greg.) 11.30 [&hellip;]<\/p>\n","protected":false},"author":2,"featured_media":0,"comment_status":"open","ping_status":"closed","sticky":false,"template":"","format":"standard","meta":{"_jetpack_memberships_contains_paid_content":false,"footnotes":""},"categories":[6],"tags":[],"class_list":["post-1430","post","type-post","status-publish","format-standard","hentry","category-intencje"],"jetpack_featured_media_url":"","jetpack_sharing_enabled":true,"_links":{"self":[{"href":"https:\/\/pallotyni.ostroleka.pl\/index.php?rest_route=\/wp\/v2\/posts\/1430","targetHints":{"allow":["GET"]}}],"collection":[{"href":"https:\/\/pallotyni.ostroleka.pl\/index.php?rest_route=\/wp\/v2\/posts"}],"about":[{"href":"https:\/\/pallotyni.ostroleka.pl\/index.php?rest_route=\/wp\/v2\/types\/post"}],"author":[{"embeddable":true,"href":"https:\/\/pallotyni.ostroleka.pl\/index.php?rest_route=\/wp\/v2\/users\/2"}],"replies":[{"embeddable":true,"href":"https:\/\/pallotyni.ostroleka.pl\/index.php?rest_route=%2Fwp%2Fv2%2Fcomments&post=1430"}],"version-history":[{"count":1,"href":"https:\/\/pallotyni.ostroleka.pl\/index.php?rest_route=\/wp\/v2\/posts\/1430\/revisions"}],"predecessor-version":[{"id":1431,"href":"https:\/\/pallotyni.ostroleka.pl\/index.php?rest_route=\/wp\/v2\/posts\/1430\/revisions\/1431"}],"wp:attachment":[{"href":"https:\/\/pallotyni.ostroleka.pl\/index.php?rest_route=%2Fwp%2Fv2%2Fmedia&parent=1430"}],"wp:term":[{"taxonomy":"category","embeddable":true,"href":"https:\/\/pallotyni.ostroleka.pl\/index.php?rest_route=%2Fwp%2Fv2%2Fcategories&post=1430"},{"taxonomy":"post_tag","embeddable":true,"href":"https:\/\/pallotyni.ostroleka.pl\/index.php?rest_route=%2Fwp%2Fv2%2Ftags&post=1430"}],"curies":[{"name":"wp","href":"https:\/\/api.w.org\/{rel}","templated":true}]}}