{"id":1569,"date":"2026-04-25T19:00:47","date_gmt":"2026-04-25T19:00:47","guid":{"rendered":"https:\/\/pallotyni.ostroleka.pl\/?p=1569"},"modified":"2026-04-25T19:00:47","modified_gmt":"2026-04-25T19:00:47","slug":"iv-niedziela-wielkanocna-26-04-2026-r","status":"publish","type":"post","link":"https:\/\/pallotyni.ostroleka.pl\/?p=1569","title":{"rendered":"IV Niedziela wielkanocna 26.04.2026 r."},"content":{"rendered":"\n<h2 class=\"wp-block-heading\">komentarz do Ewangelii<\/h2>\n\n\n\n<p>(J 10, 1-10)<\/p>\n\n\n\n<p>Jezus powiedzia\u0142: &#8222;Zaprawd\u0119, zaprawd\u0119 powiadam wam: Kto nie wchodzi do owczarni przez bram\u0119, ale wdziera si\u0119 inn\u0105 drog\u0105, ten jest z\u0142odziejem i rozb\u00f3jnikiem. Kto jednak wchodzi przez bram\u0119, jest pasterzem owiec. Temu otwiera od\u017awierny, a owce s\u0142uchaj\u0105 jego g\u0142osu; wo\u0142a on swoje owce po imieniu i wyprowadza je. A kiedy wszystkie wyprowadzi, staje na ich czele, a owce post\u0119puj\u0105 za nim, poniewa\u017c g\u0142os jego znaj\u0105. Natomiast za obcym nie p\u00f3jd\u0105, lecz b\u0119d\u0105 ucieka\u0107 od niego, bo nie znaj\u0105 g\u0142osu obcych&#8221;. T\u0119 przypowie\u015b\u0107 opowiedzia\u0142 im Jezus, lecz oni nie poj\u0119li znaczenia tego, co im m\u00f3wi\u0142. Powt\u00f3rnie wi\u0119c powiedzia\u0142 do nich Jezus: &#8222;Zaprawd\u0119, zaprawd\u0119 powiadam wam: Ja jestem bram\u0105 owiec. Wszyscy, kt\u00f3rzy przyszli przede Mn\u0105, s\u0105 z\u0142odziejami i rozb\u00f3jnikami, a nie pos\u0142ucha\u0142y ich, owce. Ja jestem bram\u0105. Je\u017celi kto\u015b wejdzie przeze Mnie, b\u0119dzie zbawiony \u2013 wejdzie i wyjdzie, i znajdzie pasz\u0119. Z\u0142odziej przychodzi tylko po to, aby kra\u015b\u0107, zabija\u0107 i niszczy\u0107. Ja przyszed\u0142em po to, aby owce mia\u0142y \u017cycie i mia\u0142y je w obfito\u015bci&#8221;.<\/p>\n\n\n\n<p><strong>Oto s\u0142owo Pa\u0144skie<\/strong><\/p>\n\n\n\n<p>Ten, kto jest najemnikiem bierze zap\u0142at\u0119 za sko\u0144czon\u0105 prac\u0119 i odchodzi. Je\u015bli pojawi si\u0119 jakie\u015b niebezpiecze\u0144stwo, to oczywi\u015bcie przestrzega zasad BHP \u2013 jego \u017cycie jest najwa\u017cniejsze, wi\u0119c je chroni nie wype\u0142niaj\u0105c swoich obowi\u0105zk\u00f3w zawartych w umowie. Jezus, Dobry Pasterz, nikomu nie p\u0142aci za pasterzowanie swoim \u2013 sam podejmuje si\u0119 tego dzia\u0142ania i w dodatku, wobec zbli\u017caj\u0105cego si\u0119 wroga, oddaje \u017cycie za swoich.<\/p>\n\n\n\n<p>bblacha450<\/p>\n\n\n\n<h2 class=\"wp-block-heading\">og\u0142oszenia<\/h2>\n\n\n\n<ol class=\"wp-block-list\">\n<li>W tym tygodniu przypadaj\u0105 nast\u0119puj\u0105ce wspomnienia liturgiczne: w \u015brod\u0119: \u015bw. Katarzyny Siene\u0144skiej \u2013 dziewicy i doktora Ko\u015bcio\u0142a; w sobot\u0119: uroczysto\u015b\u0107 Naj\u015bwi\u0119tszej Maryi Panny \u2013 Kr\u00f3lowej Polski \u2013 Msze tego dnia, jak w tygodniu<\/li>\n<\/ol>\n\n\n\n<ol start=\"2\" class=\"wp-block-list\">\n<li>Dzi\u015b prze\u017cywamy w parafii zewn\u0119trzny odpust \u015bw. Wojciecha. Na Mszy o 9.00 b\u0119dziemy modli\u0107 si\u0119 za solenizant\u00f3w: x. Wojciecha i x. Mariana, kt\u00f3rego imieniny wypadaj\u0105 kilka dni p\u00f3\u017aniej. Zapraszamy do wsp\u00f3lnego \u015bwi\u0119towania.<\/li>\n<\/ol>\n\n\n\n<ol start=\"3\" class=\"wp-block-list\">\n<li>W tym tygodniu przypadaj\u0105 pierwszy pi\u0105tek i pierwsza sobota miesi\u0105ca marca. W pi\u0105tek do po\u0142udnia odwiedzimy chorych, a wieczorem na adoracji o 17.00 i na Mszy o 18.00, b\u0119dziemy oddawali cze\u015b\u0107 Naj\u015bwi\u0119tszemu Sercu Jezusowemu. W sobot\u0119 za\u015b na r\u00f3\u017ca\u0144cu o 17.00<br>i Mszy wieczornej pop\u0142ynie modlitwa przeb\u0142agalna za grzechy uczynione Niepokalanemu Sercu Naj\u015bwi\u0119tszej Maryi.<\/li>\n<\/ol>\n\n\n\n<ol start=\"4\" class=\"wp-block-list\">\n<li>Z ty\u0142u, na stoliku pod ch\u00f3rem le\u017c\u0105 modlitewniki do \u015bw. Wojciecha. Zach\u0119camy do ich nabycia<br>i praktykowania modlitw do Patrona parafii. Koszt modlitewnika to 9 z\u0142. za sztuk\u0119.<\/li>\n<\/ol>\n\n\n\n<ol start=\"5\" class=\"wp-block-list\">\n<li>Przed ko\u015bcio\u0142em stoj\u0105 przedstawiciele m\u0142odzie\u017cowego duszpasterstwa dzia\u0142aj\u0105cego przy parafii \u015bw. Franciszka w Ostro\u0142\u0119ce. To m\u0142odzi, kt\u00f3rzy sami produkuj\u0105 i rozprowadzaj\u0105 r\u00f3\u017ca\u0144ce,<br>a zarobione \u015brodki przeznaczaj\u0105 na potrzeby ich parafialnej, m\u0142odzie\u017cowej wsp\u00f3lnoty. Zach\u0119camy do nabycia i wsparcia m\u0142odych.<\/li>\n<\/ol>\n\n\n\n<ol start=\"6\" class=\"wp-block-list\">\n<li>Dopi\u0119\u0142y si\u0119 plany naszej tegorocznej pielgrzymki parafialnej. W tym roku w dniach: 26 do 30 sierpnia (\u015broda \u2013 niedziela) wybieramy si\u0119 na S\u0142owacj\u0119. Wyjazd b\u0119dzie w nocy ze \u015brody na czwartek. Przewidziany program jest bardzo ofity. <strong>1 dzie\u0144<\/strong>: Jaskinia Biela\u0144ska, Bachledka \u2013 \u015bcie\u017cka w Koronach Drzew, zwiedzanie Kie\u017cmarku i Popradu, dla ch\u0119tnych baseny termalne<br>w Popradzie. <strong>2 dzie\u0144<\/strong>: Narodowe Sanktuarium Maryjne w Levocy, Spiski Hrad \u2013 najwi\u0119kszy, je\u015bli chodzi o powierzchni\u0119, zamek w Europie, wizyta w S\u0142owackim Raju, gejzery Siva Broda; <strong>3 dzie\u0144<\/strong>: Jaskinia Demianowska, sp\u0142yw tratwami\u00a0rzek\u0105 Wag pod Strecznem, zamek Streczno, Terhova \u2013 Muzeum Janosika;\u00a0<strong>4 dzie\u0144<\/strong>: wizyta nad jeziorem Szczyrbskie Pleso, przejazd\u00a0 \u201eelektriczk\u0105\u201d do Starego Smokowca. Wszystkie noclegi b\u0119d\u0105 w Zakopanem na Olczy i st\u0105d ka\u017cdego dnia b\u0119dziemy wyje\u017cd\u017ca\u0107 na wycieczki. Przewidziany koszt od osoby \u2013 za autokar, ubezpieczenie, noclegi, przewodnika, wy\u017cywienie, wej\u015bcie do zabytk\u00f3w, park\u00f3w, jaski\u0144 to: 580 Euro \u2013 czyli ok. 2500 z\u0142. Wpisowe za uczestnictwo to 1000 z\u0142. Mo\u017cna si\u0119 ju\u017c zg\u0142asza\u0107.<\/li>\n<\/ol>\n\n\n\n<ol start=\"7\" class=\"wp-block-list\">\n<li>Po Mszach osoby, kt\u00f3re zapisa\u0142y si\u0119 na prenumerat\u0119 tygodnika katolickiego \u201eIdziemy\u201d, mog\u0105 odebra\u0107 sw\u00f3j egzemplarz w zakrystii.<\/li>\n<\/ol>\n\n\n\n<p><strong>Niech \u015bw. Wojciech ma was w swojej opiece i zawsze inspiruje i prowadzi do nieba,<br>a Jezus \u2013 Dobry Pasterz \u2013 strze\u017ce na wszystkich ziemskich drogach i hojnie b\u0142ogos\u0142awi! <\/strong><\/p>\n\n\n\n<p><em><strong>duszpasterze<\/strong><\/em><\/p>\n\n\n\n<p><em>Par. rzym.-kat. p.w. \u015aw. Wojciecha B.M., Al. W.P. 44, 07-401 Ostro\u0142\u0119ka<\/em><\/p>\n\n\n\n<p><em><strong>PKO BP<\/strong><\/em><em>, nr: <\/em><em><strong>74 1240 1691 1111 0010 8502 4374<\/strong><\/em><em>.<\/em><\/p>\n\n\n\n<p><em>Za wszystkie datki i ka\u017cde wsparcie sk\u0142adamy serdeczne B\u00f3g zap\u0142a\u0107.<\/em><\/p>\n","protected":false},"excerpt":{"rendered":"<p>komentarz do Ewangelii (J 10, 1-10) Jezus powiedzia\u0142: &#8222;Zaprawd\u0119, zaprawd\u0119 powiadam wam: Kto nie wchodzi do owczarni przez bram\u0119, ale wdziera si\u0119 inn\u0105 drog\u0105, ten jest z\u0142odziejem i [&hellip;]<\/p>\n","protected":false},"author":2,"featured_media":0,"comment_status":"open","ping_status":"closed","sticky":false,"template":"","format":"standard","meta":{"_jetpack_memberships_contains_paid_content":false,"footnotes":""},"categories":[1],"tags":[],"class_list":["post-1569","post","type-post","status-publish","format-standard","hentry","category-ogloszenia-parafialne"],"jetpack_featured_media_url":"","jetpack_sharing_enabled":true,"_links":{"self":[{"href":"https:\/\/pallotyni.ostroleka.pl\/index.php?rest_route=\/wp\/v2\/posts\/1569","targetHints":{"allow":["GET"]}}],"collection":[{"href":"https:\/\/pallotyni.ostroleka.pl\/index.php?rest_route=\/wp\/v2\/posts"}],"about":[{"href":"https:\/\/pallotyni.ostroleka.pl\/index.php?rest_route=\/wp\/v2\/types\/post"}],"author":[{"embeddable":true,"href":"https:\/\/pallotyni.ostroleka.pl\/index.php?rest_route=\/wp\/v2\/users\/2"}],"replies":[{"embeddable":true,"href":"https:\/\/pallotyni.ostroleka.pl\/index.php?rest_route=%2Fwp%2Fv2%2Fcomments&post=1569"}],"version-history":[{"count":1,"href":"https:\/\/pallotyni.ostroleka.pl\/index.php?rest_route=\/wp\/v2\/posts\/1569\/revisions"}],"predecessor-version":[{"id":1570,"href":"https:\/\/pallotyni.ostroleka.pl\/index.php?rest_route=\/wp\/v2\/posts\/1569\/revisions\/1570"}],"wp:attachment":[{"href":"https:\/\/pallotyni.ostroleka.pl\/index.php?rest_route=%2Fwp%2Fv2%2Fmedia&parent=1569"}],"wp:term":[{"taxonomy":"category","embeddable":true,"href":"https:\/\/pallotyni.ostroleka.pl\/index.php?rest_route=%2Fwp%2Fv2%2Fcategories&post=1569"},{"taxonomy":"post_tag","embeddable":true,"href":"https:\/\/pallotyni.ostroleka.pl\/index.php?rest_route=%2Fwp%2Fv2%2Ftags&post=1569"}],"curies":[{"name":"wp","href":"https:\/\/api.w.org\/{rel}","templated":true}]}}