{"id":1573,"date":"2026-04-25T19:08:22","date_gmt":"2026-04-25T19:08:22","guid":{"rendered":"https:\/\/pallotyni.ostroleka.pl\/?p=1573"},"modified":"2026-04-25T19:08:22","modified_gmt":"2026-04-25T19:08:22","slug":"intencje-26-04-02-05-2026-r","status":"publish","type":"post","link":"https:\/\/pallotyni.ostroleka.pl\/?p=1573","title":{"rendered":"Intencje 26.04. \u2013 02.05.2026 r."},"content":{"rendered":"\n<p><strong>NIEDZIELA \u2013 26.04.2026<\/strong><\/p>\n\n\n\n<figure class=\"wp-block-table\"><table class=\"has-fixed-layout\"><tbody><tr><td><strong>7.00<\/strong><\/td><td>+ Edward Placha i zm. z rodziny<\/td><\/tr><tr><td><strong>9.00<\/strong><\/td><td>1) + S\u0142awomir Stefa\u0144ski (25 greg.) 2) +J\u00f3zef Op\u0119chowski \u2013 17 rocz. \u015bm. oraz zmarli<br>rodzice: Marianna i W\u0142adys\u0142aw<\/td><\/tr><tr><td><strong>11.30<\/strong><\/td><td>+ Wojciech Smereczy\u0144ski (25 greg.)<\/td><\/tr><tr><td><em><strong>12.30 ZP<\/strong><\/em><\/td><td>Za parafian<\/td><\/tr><tr><td><strong>18.00<\/strong><\/td><td>+ Danuta Stolarczyk \u2013 5 rocz. \u015bm.<\/td><\/tr><\/tbody><\/table><\/figure>\n\n\n\n<p><strong>PONIEDZIA\u0141EK \u2013 27.04.2026<\/strong><\/p>\n\n\n\n<figure class=\"wp-block-table\"><table class=\"has-fixed-layout\"><tbody><tr><td><strong>7.00<\/strong><\/td><td>1) + S\u0142awomir Stefa\u0144ski (26 greg.) 2) + Wojciech Smereczy\u0144ski (26 greg.) 3) + S\u0142awomir Waliszka \u2013 od uczest. pogrzebu<\/td><\/tr><tr><td><strong>18.00<\/strong><\/td><td>+ Ryszard Ma\u0142kowski \u2013 od rodz. Lenkiewicz\u00f3w<\/td><\/tr><\/tbody><\/table><\/figure>\n\n\n\n<p><strong>WTOREK \u2013 28.04.2026<\/strong><\/p>\n\n\n\n<figure class=\"wp-block-table\"><table class=\"has-fixed-layout\"><tbody><tr><td><strong>7.00<\/strong><\/td><td>1) + S\u0142awomir Stefa\u0144ski (27 greg.) 2) + Wojciech Smereczy\u0144ski (27 greg.)<\/td><\/tr><tr><td><strong>18.00<\/strong><\/td><td>+ Ryszard Ma\u0142kowski \u2013 od rodz. Mieczkowskich<\/td><\/tr><\/tbody><\/table><\/figure>\n\n\n\n<p><strong>\u015aRODA \u2013 29.04.2026<\/strong><\/p>\n\n\n\n<figure class=\"wp-block-table\"><table class=\"has-fixed-layout\"><tbody><tr><td><strong>7.00<\/strong><\/td><td>1) + S\u0142awomir Stefa\u0144ski (28 greg.) 2) + Wojciech Smereczy\u0144ski (28 greg.)<\/td><\/tr><tr><td><strong>18.00<\/strong><\/td><td>+ Ryszard Ma\u0142kowski \u2013 od rodz. Chyli\u0144skich,<br>Ma\u0142kowskich i Subd\u00f3w<\/td><\/tr><\/tbody><\/table><\/figure>\n\n\n\n<p><a><\/a> <strong>CZWARTEK \u2013 30.0<\/strong><strong>4<\/strong><strong>.2026<\/strong><\/p>\n\n\n\n<figure class=\"wp-block-table\"><table class=\"has-fixed-layout\"><tbody><tr><td><strong>7.00<\/strong><\/td><td>1) + S\u0142awomir Stefa\u0144ski (29 greg.) 2) + Wojciech Smereczy\u0144ski (29 greg.) 3) + Iwona Ciborowska \u2013 od uczest. pogrzebu<\/td><\/tr><tr><td><strong>18.00<\/strong><\/td><td>+ Patryk Parzych<\/td><\/tr><\/tbody><\/table><\/figure>\n\n\n\n<p><strong>PI\u0104TEK \u2013 01.05.2026<\/strong><\/p>\n\n\n\n<figure class=\"wp-block-table\"><table class=\"has-fixed-layout\"><tbody><tr><td><strong>7.00<\/strong><\/td><td>1) + S\u0142awomir Stefa\u0144ski (30 greg.) 2) + Wojciech Smereczy\u0144ski (30 greg.) 3) + Edwin Bierek (1 greg.)<\/td><\/tr><tr><td><strong>18.00<\/strong><\/td><td>+ Anna Sobotka (1greg.)<\/td><\/tr><\/tbody><\/table><\/figure>\n\n\n\n<p><strong>SOBOTA \u2013 02.05.2026<\/strong><\/p>\n\n\n\n<figure class=\"wp-block-table\"><table class=\"has-fixed-layout\"><tbody><tr><td><strong>7.00<\/strong><\/td><td>1) + Edwin Bierek (2 greg.) 2) + Anna Sobotka (2 greg.)<\/td><\/tr><tr><td><strong>18<\/strong><strong>.00<\/strong><\/td><td>1) O Bo\u017ce b\u0142og., opiek\u0119 Maryi i zdrowie dla<br>Benedykta Karczewskiego z ok. 70 rocz. urodzin 2) W int. rodzic\u00f3w i dzieci R\u00f3\u017c R\u00f3\u017ca\u0144cowych<\/td><\/tr><\/tbody><\/table><\/figure>\n","protected":false},"excerpt":{"rendered":"<p>NIEDZIELA \u2013 26.04.2026 7.00 + Edward Placha i zm. z rodziny 9.00 1) + S\u0142awomir Stefa\u0144ski (25 greg.) 2) +J\u00f3zef Op\u0119chowski \u2013 17 rocz. \u015bm. oraz zmarlirodzice: Marianna [&hellip;]<\/p>\n","protected":false},"author":2,"featured_media":0,"comment_status":"open","ping_status":"closed","sticky":false,"template":"","format":"standard","meta":{"_jetpack_memberships_contains_paid_content":false,"footnotes":""},"categories":[6],"tags":[],"class_list":["post-1573","post","type-post","status-publish","format-standard","hentry","category-intencje"],"jetpack_featured_media_url":"","jetpack_sharing_enabled":true,"_links":{"self":[{"href":"https:\/\/pallotyni.ostroleka.pl\/index.php?rest_route=\/wp\/v2\/posts\/1573","targetHints":{"allow":["GET"]}}],"collection":[{"href":"https:\/\/pallotyni.ostroleka.pl\/index.php?rest_route=\/wp\/v2\/posts"}],"about":[{"href":"https:\/\/pallotyni.ostroleka.pl\/index.php?rest_route=\/wp\/v2\/types\/post"}],"author":[{"embeddable":true,"href":"https:\/\/pallotyni.ostroleka.pl\/index.php?rest_route=\/wp\/v2\/users\/2"}],"replies":[{"embeddable":true,"href":"https:\/\/pallotyni.ostroleka.pl\/index.php?rest_route=%2Fwp%2Fv2%2Fcomments&post=1573"}],"version-history":[{"count":1,"href":"https:\/\/pallotyni.ostroleka.pl\/index.php?rest_route=\/wp\/v2\/posts\/1573\/revisions"}],"predecessor-version":[{"id":1574,"href":"https:\/\/pallotyni.ostroleka.pl\/index.php?rest_route=\/wp\/v2\/posts\/1573\/revisions\/1574"}],"wp:attachment":[{"href":"https:\/\/pallotyni.ostroleka.pl\/index.php?rest_route=%2Fwp%2Fv2%2Fmedia&parent=1573"}],"wp:term":[{"taxonomy":"category","embeddable":true,"href":"https:\/\/pallotyni.ostroleka.pl\/index.php?rest_route=%2Fwp%2Fv2%2Fcategories&post=1573"},{"taxonomy":"post_tag","embeddable":true,"href":"https:\/\/pallotyni.ostroleka.pl\/index.php?rest_route=%2Fwp%2Fv2%2Ftags&post=1573"}],"curies":[{"name":"wp","href":"https:\/\/api.w.org\/{rel}","templated":true}]}}